{"id":70251,"date":"2024-02-26T07:24:39","date_gmt":"2024-02-26T07:24:39","guid":{"rendered":"https:\/\/ccmagazine.es\/?p=70251"},"modified":"2024-12-24T16:20:41","modified_gmt":"2024-12-24T16:20:41","slug":"entrevista-a-la-artista-madison-skriver","status":"publish","type":"post","link":"https:\/\/ccmagazine.es\/es\/entrevista-a-la-artista-madison-skriver\/","title":{"rendered":"Entrevista a la artista Madison Skriver"},"content":{"rendered":"<h6>\u00bfQu\u00e9 quer\u00edas ser de mayor cuando eras peque\u00f1a?<\/h6>\n<p>Desde muy joven supe que quer\u00eda ser artista. Toda mi infancia estuvo llena de horas coloreando, dibujando y pintando; la creatividad desordenada era mi actividad favorita.<\/p>\n<p>Cuando me gradu\u00e9 de la escuela secundaria y sal\u00ed al mundo como una joven adulta, empec\u00e9 a creer que ser artista no ser\u00eda lo suficientemente pr\u00e1ctico como para encontrar \u00abel \u00e9xito\u00bb y que intentarlo ser\u00eda demasiado dif\u00edcil. As\u00ed que despu\u00e9s de algunos a\u00f1os trabajando en una oficina todos los d\u00edas y sin encontrar satisfacci\u00f3n personal, finalmente decid\u00ed seguir mi verdadera pasi\u00f3n. Estudi\u00e9 Bellas Artes y esa ha sido una de las mejores decisiones de mi vida.<\/p>\n<h6>\u00bfCu\u00e1les fueron tus principales motivaciones e influencias?<\/h6>\n<p>Tengo muchos familiares que fueron y son talentosos artistas. Debido a la \u00e9poca y\/o circunstancias de sus vidas, no pudieron asistir a la universidad (soy la primera graduada universitaria de mi familia) ni dar el salto para convertirse en artistas profesionales. Por ello, una de mis principales motivaciones en la vida es hacer lo que ellos no pudieron, y de esa manera siento que estar\u00e9 haciendo realidad los sue\u00f1os de mis ancestros.<\/p>\n<p>La mayor\u00eda de mis influencias mientras crec\u00eda eran pintores ubicuos y muy conocidos, porque eran los que ten\u00edan una mayor atenci\u00f3n, exposici\u00f3n y renombre. Me encantaba el trabajo colorido de <em>Van Gogh<\/em> y <em>Maxfield Parrish<\/em>. Ahora que sigo a pintores contempor\u00e1neos, admiro enormemente a artistas como<em> Loie Hollowell<\/em> y <em>Louise Giovanelli<\/em>; sus obras son visualmente cautivadoras y est\u00e1n magistralmente realizadas. Tambi\u00e9n encuentro muy inspirador y motivador su \u00e9xito dentro del mundo del arte.<\/p>\n<p><img loading=\"lazy\" decoding=\"async\" class=\"alignnone wp-image-70269 size-full\" src=\"https:\/\/ccmagazine.es\/wp-content\/uploads\/2024\/02\/Judys-Room-scaled.jpg\" alt=\"\" width=\"2003\" height=\"2560\" srcset=\"https:\/\/ccmagazine.es\/wp-content\/uploads\/2024\/02\/Judys-Room-scaled.jpg 2003w, https:\/\/ccmagazine.es\/wp-content\/uploads\/2024\/02\/Judys-Room-235x300.jpg 235w, https:\/\/ccmagazine.es\/wp-content\/uploads\/2024\/02\/Judys-Room-333x425.jpg 333w, https:\/\/ccmagazine.es\/wp-content\/uploads\/2024\/02\/Judys-Room-768x981.jpg 768w, https:\/\/ccmagazine.es\/wp-content\/uploads\/2024\/02\/Judys-Room-1202x1536.jpg 1202w, https:\/\/ccmagazine.es\/wp-content\/uploads\/2024\/02\/Judys-Room-1603x2048.jpg 1603w\" sizes=\"auto, (max-width: 2003px) 100vw, 2003px\" \/><\/p>\n<h6>El simbolismo, el tiempo y la nostalgia son temas recurrentes en tu obra. Y de hecho, has dicho que quieres que tus obras sean puertas de entrada a lo surreal, mostrando el misticismo inherente en la pintura. \u00bfQu\u00e9 nos puedes decir al respecto?<\/h6>\n<p>Encuentro el acto y el resultado de la pintura como algo m\u00edstico, ya que es una forma de magia en t\u00e9rminos de materializar una visi\u00f3n.<\/p>\n<p>Pintar es la manera en la que muestro mis emociones y pensamientos no expresados en un formato f\u00edsico; es una manera de dar expresi\u00f3n a algo que no puede ser traducido con palabras. Quiero que mis espectadores\/clientes tengan esta sensaci\u00f3n cuando vean mi trabajo e intento usar colores e im\u00e1genes que se perciban on\u00edricas y trascendentales. Aqu\u00ed es donde entran en juego el simbolismo y los elementos de nostalgia; intento mostrar c\u00f3mo el pasado se comunica con el presente tanto simb\u00f3licamente como en la vida cotidiana.<\/p>\n<p>Me interesa observar la interiorizaci\u00f3n de la mitolog\u00eda estadounidense y c\u00f3mo (o por qu\u00e9) las historias e im\u00e1genes perpetuadas se convierten en parte de nuestras identidades personales.<\/p>\n<p>Creo que por eso me gusta analizar pel\u00edculas, ya que nuestra psicolog\u00eda en torno al yo se muestra abiertamente: vemos un personaje ideal o un arco narrativo y tratamos de recrearlo en nuestras propias vidas.<\/p>\n<p>Aqu\u00ed es donde la l\u00ednea divisoria oscila flexiblemente entre el yo y la cultura\/medios que lo rodean; es impactante considerar cu\u00e1nto de nuestra subjetividad y forma de estar en el mundo est\u00e1 influenciada e incluso creada a trav\u00e9s de este baile de ida y vuelta.<\/p>\n<p>Aunque generalmente tengo afecto por la est\u00e9tica popular y los temas visuales del per\u00edodo de posguerra, siento la necesidad de volver a \u00e9l repetidamente por razones m\u00e1s profundas.<\/p>\n<p>Los cambios culturales extremos de los a\u00f1os 60 y 70 se han convertido en su propia entidad, algo que flota en el esp\u00edritu de la \u00e9poca esperando ser aprovechado.<\/p>\n<p>Suena extra\u00f1o, pero siento que estoy astralmente conectada a la energ\u00eda residual de este per\u00edodo. Quiero que mis pinturas transmitan esa cualidad inquietante al espectador, que transmitan algo nost\u00e1lgico pero tambi\u00e9n esquivo y extra\u00f1o.<\/p>\n<p><img loading=\"lazy\" decoding=\"async\" class=\"alignnone wp-image-70267 size-full\" src=\"https:\/\/ccmagazine.es\/wp-content\/uploads\/2024\/02\/Secret-Ingredient--scaled.jpg\" alt=\"\" width=\"2024\" height=\"2560\" srcset=\"https:\/\/ccmagazine.es\/wp-content\/uploads\/2024\/02\/Secret-Ingredient--scaled.jpg 2024w, https:\/\/ccmagazine.es\/wp-content\/uploads\/2024\/02\/Secret-Ingredient--237x300.jpg 237w, https:\/\/ccmagazine.es\/wp-content\/uploads\/2024\/02\/Secret-Ingredient--336x425.jpg 336w, https:\/\/ccmagazine.es\/wp-content\/uploads\/2024\/02\/Secret-Ingredient--768x971.jpg 768w, https:\/\/ccmagazine.es\/wp-content\/uploads\/2024\/02\/Secret-Ingredient--1214x1536.jpg 1214w, https:\/\/ccmagazine.es\/wp-content\/uploads\/2024\/02\/Secret-Ingredient--1619x2048.jpg 1619w\" sizes=\"auto, (max-width: 2024px) 100vw, 2024px\" \/><\/p>\n<h6>\u00bfC\u00f3mo surgi\u00f3 tu estilo distintivo caracterizado por paletas de colores audaces y vibrantes y la yuxtaposici\u00f3n de elementos gr\u00e1ficos planos y realismo estil\u00edstico?<\/h6>\n<p>Mi estilo es algo que he ido desarrollando naturalmente con el tiempo. Ha tomado muchas horas y a\u00f1os de trabajo, pero el aspecto de mis pinturas en cierta manera es algo que se me ha revelado.<\/p>\n<p>No decid\u00ed dedicarme a esto tratando de imitar ninguna est\u00e9tica particular (algo as\u00ed como <em>\u00abVoy a ser un pintor abstracto\u00bb<\/em> o <em>\u00abVoy a ser un pintor hiperrealista\u00bb<\/em>, etc.). Sin embargo, lo que s\u00ed que sab\u00eda es que quer\u00eda incorporar aspectos figurativos y representativos, as\u00ed como colores brillantes y audaces, pero el resto ha surgido a trav\u00e9s de trabajar mucho.<\/p>\n<h6>\u00bfSigues alg\u00fan proceso creativo espec\u00edfico al abordar tus piezas art\u00edsticas?<\/h6>\n<p>A veces tengo una idea o concepto que quiero transmitir y busco im\u00e1genes para crear visualmente ese concepto. Pero otras veces puede ser al rev\u00e9s, cuando encuentro im\u00e1genes, fotograf\u00edas antiguas, fotogramas de pel\u00edculas, etc., que me inspiran a hacer una obra basada en esa imagen en particular.<\/p>\n<p>No me gusta encasillarme en un estilo; y aunque mi trabajo tiene un hilo conductor, no me gusta hacer la misma pintura una y otra vez; si tengo una idea en la que estoy emocionada, la llevo a cabo.<\/p>\n<p>Siempre me cuestiono si mis pinturas cumplen su funci\u00f3n. Es decir, canalizar los sentimientos que quiero transmitir. Esto es una evoluci\u00f3n cont\u00ednua.<\/p>\n<p><img loading=\"lazy\" decoding=\"async\" class=\"alignnone wp-image-70271 size-full\" src=\"https:\/\/ccmagazine.es\/wp-content\/uploads\/2024\/02\/Background-Noise--scaled.jpg\" alt=\"\" width=\"2032\" height=\"2560\" srcset=\"https:\/\/ccmagazine.es\/wp-content\/uploads\/2024\/02\/Background-Noise--scaled.jpg 2032w, https:\/\/ccmagazine.es\/wp-content\/uploads\/2024\/02\/Background-Noise--238x300.jpg 238w, https:\/\/ccmagazine.es\/wp-content\/uploads\/2024\/02\/Background-Noise--337x425.jpg 337w, https:\/\/ccmagazine.es\/wp-content\/uploads\/2024\/02\/Background-Noise--768x968.jpg 768w, https:\/\/ccmagazine.es\/wp-content\/uploads\/2024\/02\/Background-Noise--1219x1536.jpg 1219w, https:\/\/ccmagazine.es\/wp-content\/uploads\/2024\/02\/Background-Noise--1626x2048.jpg 1626w\" sizes=\"auto, (max-width: 2032px) 100vw, 2032px\" \/><\/p>\n<h6>\u00bfCu\u00e1l es tu relaci\u00f3n con la galer\u00eda Yusto\/Giner?<\/h6>\n<p>Encontr\u00e9 la <em>Galer\u00eda Yusto\/Giner<\/em> (o m\u00e1s bien, ellos me encontraron a m\u00ed) a trav\u00e9s de un coleccionista privado del Reino Unido.\u00a0Ha sido incre\u00edble trabajar con ellos y aprecio la plataforma que brindan a artistas emergentes.<\/p>\n<p>El pasado noviembre (2023) organizaron mi primera exposici\u00f3n individual titulada <em>\u00abHomebody\u00bb<\/em>.<\/p>\n<h6>\u00bfVendr\u00e1s a Madrid para UVNT? \u00bfQu\u00e9 nos puedes adelantar sobre tu participaci\u00f3n en esta feria de arte contempor\u00e1neo?<\/h6>\n<p>Lamentablemente, este a\u00f1o no podr\u00e9 asistir a <em>UVNT<\/em>, pero espero poder asistir en el futuro. Tienen una emocionante y muy interesante selecci\u00f3n de artistas, y realmente disfruto de la mezcla ecl\u00e9ctica de est\u00e9ticas y estilos que est\u00e1n presentes.<\/p>\n<h6>Actualmente resides en Portland. \u00bfQu\u00e9 nos puedes contar sobre tu vida en esta fascinante ciudad? \u00bfQu\u00e9 opinas sobre su panorama art\u00edstico?<\/h6>\n<p>Disfruto mucho de mi vida en Portland. Tiene mucha belleza natural, restaurantes incre\u00edbles y bares de c\u00f3cteles, y una gran comunidad creativa. Durante a\u00f1os, Portland ha sido conocida por su ambiente exc\u00e9ntrico y peculiar (nuestra frase es <em>\u00abKeep Portland weird\u00bb<\/em>) y me encanta la variedad de actividades que ofrece, desde discotecas secretas de patinaje sobre ruedas hasta una gran cantidad de cines independientes.<\/p>\n<p>La escena de galer\u00edas de arte es un poco limitada, y por ello resulta dif\u00edcil encontrar lugares para mostrar el trabajo. Pero espero que a medida que la ciudad siga creciendo y desarroll\u00e1ndose, aumente la cantidad de galer\u00edas interesadas en dar visibilidad a artistas emergentes.<\/p>\n<h6>\u00bfEn qu\u00e9 est\u00e1s trabajando en este momento?<\/h6>\n<p>Desde mi exposici\u00f3n individual el oto\u00f1o pasado, he dedicado tiempo a pensar en qu\u00e9 es lo que realmente quiero hacer con este pr\u00f3ximo conjunto de obras. Siempre estoy tratando de mejorar mi trabajo tanto a nivel visual como conceptualmente, as\u00ed que me estoy desafiando a encontrar im\u00e1genes de origen que me impulsen a pintar.<\/p>\n<p>Cada vez soy m\u00e1s consciente de que cuando hago esto, disfruto mucho m\u00e1s del proceso de pintura, y quiero sentir ese estado de flujo cuando trabajo, en lugar de sentir que estoy trabajando arduamente (a veces pintar puede ser agotador). As\u00ed que estoy buscando llevar la ilusi\u00f3n de la luz brillante a este conjunto de obras, lo cual creo que transmitir\u00e1 un aspecto et\u00e9reo al espectador.<\/p>\n<h6>\u00bfCu\u00e1l es tu relaci\u00f3n con las redes sociales?<\/h6>\n<p>B\u00e1sicamente solo uso Instagram (<em>@beautifuluniverse<\/em>). Suelo publicar pr\u00e1cticamente todo mi trabajo. Me gusta usar esta red como un portafolio, y los comentarios que recibo de las personas que me siguen me ayudan a medir qu\u00e9 trabajo es m\u00e1s exitoso o cu\u00e1l est\u00e1 realmente causando impacto.<\/p>\n<p>Me he dado cuenta tambi\u00e9n que es extremadamente \u00fatil cuando busco conectarme con otros artistas, coleccionistas y galer\u00edas.<\/p>\n<p><img loading=\"lazy\" decoding=\"async\" class=\"alignnone wp-image-70273 size-full\" src=\"https:\/\/ccmagazine.es\/wp-content\/uploads\/2024\/02\/Bedroom-Floor-scaled.jpg\" alt=\"\" width=\"2049\" height=\"2560\" srcset=\"https:\/\/ccmagazine.es\/wp-content\/uploads\/2024\/02\/Bedroom-Floor-scaled.jpg 2049w, https:\/\/ccmagazine.es\/wp-content\/uploads\/2024\/02\/Bedroom-Floor-240x300.jpg 240w, https:\/\/ccmagazine.es\/wp-content\/uploads\/2024\/02\/Bedroom-Floor-340x425.jpg 340w, https:\/\/ccmagazine.es\/wp-content\/uploads\/2024\/02\/Bedroom-Floor-768x959.jpg 768w, https:\/\/ccmagazine.es\/wp-content\/uploads\/2024\/02\/Bedroom-Floor-1230x1536.jpg 1230w, https:\/\/ccmagazine.es\/wp-content\/uploads\/2024\/02\/Bedroom-Floor-1639x2048.jpg 1639w\" sizes=\"auto, (max-width: 2049px) 100vw, 2049px\" \/><\/p>\n<h6>\u00bfQu\u00e9 opinas sobre la inteligencia artificial y su impacto?<\/h6>\n<p>En lo que respecta a la IA, no estoy muy bien informada sobre hacia d\u00f3nde se dirige en t\u00e9rminos de arte; pero lo que s\u00e9 es que no me parece bien que est\u00e9 utilizando una amalgama de obras de artistas (sin permiso) para generar im\u00e1genes.<\/p>\n<p>Hasta ahora, con lo que he visto, no creo que los artistas en activo necesiten preocuparse de que les quite su lugar o algo as\u00ed, y estoy seguro de que algunos lo utilizar\u00e1n a su favor y dentro de su proceso creativo.<\/p>\n<p>Para m\u00ed, una de las cosas m\u00e1s excepcionales de ver y poseer una obra de arte es la mano humana que hay tras ella. Como mencion\u00e9 anteriormente, hay algo intr\u00ednsecamente m\u00e1gico en que un artista tenga una visi\u00f3n y la materialice; y esto es algo que hemos sentido la necesidad de hacer durante miles de a\u00f1os.<\/p>\n<h6>Un sue\u00f1o&#8230;<\/h6>\n<p>Mi sue\u00f1o es seguir creciendo como artista profesional: es uno de los objetivos m\u00e1s importantes que me he fijado en la vida.<\/p>\n<p>Tambi\u00e9n espero ampliar mi red de colegas artistas en el pr\u00f3ximo a\u00f1o, ya que es algo que experiment\u00e9 en la universidad y realmente extra\u00f1o la complicidad, la camarader\u00eda.<\/p>\n<p><strong>(*)<\/strong> Im\u00e1genes proporcionadas por la artista.<\/p>\n","protected":false},"excerpt":{"rendered":"<p>\u00bfQu\u00e9 quer\u00edas ser de mayor cuando eras peque\u00f1a? Desde muy joven supe que quer\u00eda ser artista. Toda mi infancia estuvo llena de horas coloreando, dibujando y pintando; la creatividad desordenada era mi actividad favorita. Cuando me gradu\u00e9 de la escuela secundaria y sal\u00ed al mundo como una joven adulta, empec\u00e9 a creer que ser artista [&hellip;]<\/p>\n","protected":false},"author":4,"featured_media":70261,"comment_status":"open","ping_status":"open","sticky":false,"template":"","format":"standard","meta":{"_acf_changed":false,"footnotes":""},"categories":[5886,48,5884,3,5885],"tags":[],"class_list":["post-70251","post","type-post","status-publish","format-standard","has-post-thumbnail","hentry","category-inspiration","category-entrevistas","category-art","category-exposiciones","category-artistas"],"acf":[],"yoast_head":"<!-- This site is optimized with the Yoast SEO plugin v25.5 - https:\/\/yoast.com\/wordpress\/plugins\/seo\/ -->\n<title>Entrevista a la artista Madison Skriver<\/title>\n<meta name=\"description\" content=\"CC\/magazine es Media Partner de UVNT Art Fair, y con motivo de su nueva edici\u00f3n entrevistamos a la artista Madison Skriver.\" \/>\n<meta name=\"robots\" content=\"index, follow, max-snippet:-1, max-image-preview:large, max-video-preview:-1\" \/>\n<link rel=\"canonical\" href=\"https:\/\/ccmagazine.es\/es\/entrevista-a-la-artista-madison-skriver\/\" \/>\n<meta name=\"twitter:card\" content=\"summary_large_image\" \/>\n<meta name=\"twitter:title\" content=\"Entrevista a la artista Madison Skriver\" \/>\n<meta name=\"twitter:description\" content=\"CC\/magazine es Media Partner de UVNT Art Fair, y con motivo de su nueva edici\u00f3n entrevistamos a la artista Madison Skriver.\" \/>\n<meta name=\"twitter:image\" content=\"https:\/\/ccmagazine.es\/wp-content\/uploads\/2024\/02\/Dizzy-Spell-1-scaled.jpg\" \/>\n<meta name=\"twitter:creator\" content=\"@cecilecollage\" \/>\n<meta name=\"twitter:site\" content=\"@cecilecollage\" \/>\n<meta name=\"twitter:label1\" content=\"Escrito por\" \/>\n\t<meta name=\"twitter:data1\" content=\"Cecilia Camacho\" \/>\n\t<meta name=\"twitter:label2\" content=\"Tiempo de lectura\" \/>\n\t<meta name=\"twitter:data2\" content=\"8 minutos\" \/>\n<script type=\"application\/ld+json\" class=\"yoast-schema-graph\">{\"@context\":\"https:\/\/schema.org\",\"@graph\":[{\"@type\":\"WebPage\",\"@id\":\"https:\/\/ccmagazine.es\/es\/entrevista-a-la-artista-madison-skriver\/\",\"url\":\"https:\/\/ccmagazine.es\/es\/entrevista-a-la-artista-madison-skriver\/\",\"name\":\"Entrevista a la artista Madison Skriver\",\"isPartOf\":{\"@id\":\"https:\/\/ccmagazine.es\/es\/#website\"},\"primaryImageOfPage\":{\"@id\":\"https:\/\/ccmagazine.es\/es\/entrevista-a-la-artista-madison-skriver\/#primaryimage\"},\"image\":{\"@id\":\"https:\/\/ccmagazine.es\/es\/entrevista-a-la-artista-madison-skriver\/#primaryimage\"},\"thumbnailUrl\":\"https:\/\/ccmagazine.es\/wp-content\/uploads\/2024\/02\/Dizzy-Spell-1-scaled.jpg\",\"datePublished\":\"2024-02-26T07:24:39+00:00\",\"dateModified\":\"2024-12-24T16:20:41+00:00\",\"author\":{\"@id\":\"https:\/\/ccmagazine.es\/es\/#\/schema\/person\/52a8bfc6898cc8937794edb7e040be91\"},\"description\":\"CC\/magazine es Media Partner de UVNT Art Fair, y con motivo de su nueva edici\u00f3n entrevistamos a la artista Madison Skriver.\",\"breadcrumb\":{\"@id\":\"https:\/\/ccmagazine.es\/es\/entrevista-a-la-artista-madison-skriver\/#breadcrumb\"},\"inLanguage\":\"es\",\"potentialAction\":[{\"@type\":\"ReadAction\",\"target\":[\"https:\/\/ccmagazine.es\/es\/entrevista-a-la-artista-madison-skriver\/\"]}]},{\"@type\":\"ImageObject\",\"inLanguage\":\"es\",\"@id\":\"https:\/\/ccmagazine.es\/es\/entrevista-a-la-artista-madison-skriver\/#primaryimage\",\"url\":\"https:\/\/ccmagazine.es\/wp-content\/uploads\/2024\/02\/Dizzy-Spell-1-scaled.jpg\",\"contentUrl\":\"https:\/\/ccmagazine.es\/wp-content\/uploads\/2024\/02\/Dizzy-Spell-1-scaled.jpg\",\"width\":2560,\"height\":2045},{\"@type\":\"BreadcrumbList\",\"@id\":\"https:\/\/ccmagazine.es\/es\/entrevista-a-la-artista-madison-skriver\/#breadcrumb\",\"itemListElement\":[{\"@type\":\"ListItem\",\"position\":1,\"name\":\"Portada\",\"item\":\"https:\/\/ccmagazine.es\/es\/\"},{\"@type\":\"ListItem\",\"position\":2,\"name\":\"Entrevista a la artista Madison Skriver\"}]},{\"@type\":\"WebSite\",\"@id\":\"https:\/\/ccmagazine.es\/es\/#website\",\"url\":\"https:\/\/ccmagazine.es\/es\/\",\"name\":\"CC\/magazine\",\"description\":\"Independent online magazine of lifestyle, design, cities and innovation\",\"potentialAction\":[{\"@type\":\"SearchAction\",\"target\":{\"@type\":\"EntryPoint\",\"urlTemplate\":\"https:\/\/ccmagazine.es\/es\/?s={search_term_string}\"},\"query-input\":{\"@type\":\"PropertyValueSpecification\",\"valueRequired\":true,\"valueName\":\"search_term_string\"}}],\"inLanguage\":\"es\"},{\"@type\":\"Person\",\"@id\":\"https:\/\/ccmagazine.es\/es\/#\/schema\/person\/52a8bfc6898cc8937794edb7e040be91\",\"name\":\"Cecilia Camacho\",\"image\":{\"@type\":\"ImageObject\",\"inLanguage\":\"es\",\"@id\":\"https:\/\/ccmagazine.es\/es\/#\/schema\/person\/image\/\",\"url\":\"https:\/\/secure.gravatar.com\/avatar\/e580c7637b737a8ac4e4b6c32ea669fc423e6a5b616923ba41a93138e673c93d?s=96&d=mm&r=g\",\"contentUrl\":\"https:\/\/secure.gravatar.com\/avatar\/e580c7637b737a8ac4e4b6c32ea669fc423e6a5b616923ba41a93138e673c93d?s=96&d=mm&r=g\",\"caption\":\"Cecilia Camacho\"},\"sameAs\":[\"http:\/\/ccmagazine.es\"]}]}<\/script>\n<!-- \/ Yoast SEO plugin. -->","yoast_head_json":{"title":"Entrevista a la artista Madison Skriver","description":"CC\/magazine es Media Partner de UVNT Art Fair, y con motivo de su nueva edici\u00f3n entrevistamos a la artista Madison Skriver.","robots":{"index":"index","follow":"follow","max-snippet":"max-snippet:-1","max-image-preview":"max-image-preview:large","max-video-preview":"max-video-preview:-1"},"canonical":"https:\/\/ccmagazine.es\/es\/entrevista-a-la-artista-madison-skriver\/","twitter_card":"summary_large_image","twitter_title":"Entrevista a la artista Madison Skriver","twitter_description":"CC\/magazine es Media Partner de UVNT Art Fair, y con motivo de su nueva edici\u00f3n entrevistamos a la artista Madison Skriver.","twitter_image":"https:\/\/ccmagazine.es\/wp-content\/uploads\/2024\/02\/Dizzy-Spell-1-scaled.jpg","twitter_creator":"@cecilecollage","twitter_site":"@cecilecollage","twitter_misc":{"Escrito por":"Cecilia Camacho","Tiempo de lectura":"8 minutos"},"schema":{"@context":"https:\/\/schema.org","@graph":[{"@type":"WebPage","@id":"https:\/\/ccmagazine.es\/es\/entrevista-a-la-artista-madison-skriver\/","url":"https:\/\/ccmagazine.es\/es\/entrevista-a-la-artista-madison-skriver\/","name":"Entrevista a la artista Madison Skriver","isPartOf":{"@id":"https:\/\/ccmagazine.es\/es\/#website"},"primaryImageOfPage":{"@id":"https:\/\/ccmagazine.es\/es\/entrevista-a-la-artista-madison-skriver\/#primaryimage"},"image":{"@id":"https:\/\/ccmagazine.es\/es\/entrevista-a-la-artista-madison-skriver\/#primaryimage"},"thumbnailUrl":"https:\/\/ccmagazine.es\/wp-content\/uploads\/2024\/02\/Dizzy-Spell-1-scaled.jpg","datePublished":"2024-02-26T07:24:39+00:00","dateModified":"2024-12-24T16:20:41+00:00","author":{"@id":"https:\/\/ccmagazine.es\/es\/#\/schema\/person\/52a8bfc6898cc8937794edb7e040be91"},"description":"CC\/magazine es Media Partner de UVNT Art Fair, y con motivo de su nueva edici\u00f3n entrevistamos a la artista Madison Skriver.","breadcrumb":{"@id":"https:\/\/ccmagazine.es\/es\/entrevista-a-la-artista-madison-skriver\/#breadcrumb"},"inLanguage":"es","potentialAction":[{"@type":"ReadAction","target":["https:\/\/ccmagazine.es\/es\/entrevista-a-la-artista-madison-skriver\/"]}]},{"@type":"ImageObject","inLanguage":"es","@id":"https:\/\/ccmagazine.es\/es\/entrevista-a-la-artista-madison-skriver\/#primaryimage","url":"https:\/\/ccmagazine.es\/wp-content\/uploads\/2024\/02\/Dizzy-Spell-1-scaled.jpg","contentUrl":"https:\/\/ccmagazine.es\/wp-content\/uploads\/2024\/02\/Dizzy-Spell-1-scaled.jpg","width":2560,"height":2045},{"@type":"BreadcrumbList","@id":"https:\/\/ccmagazine.es\/es\/entrevista-a-la-artista-madison-skriver\/#breadcrumb","itemListElement":[{"@type":"ListItem","position":1,"name":"Portada","item":"https:\/\/ccmagazine.es\/es\/"},{"@type":"ListItem","position":2,"name":"Entrevista a la artista Madison Skriver"}]},{"@type":"WebSite","@id":"https:\/\/ccmagazine.es\/es\/#website","url":"https:\/\/ccmagazine.es\/es\/","name":"CC\/magazine","description":"Independent online magazine of lifestyle, design, cities and innovation","potentialAction":[{"@type":"SearchAction","target":{"@type":"EntryPoint","urlTemplate":"https:\/\/ccmagazine.es\/es\/?s={search_term_string}"},"query-input":{"@type":"PropertyValueSpecification","valueRequired":true,"valueName":"search_term_string"}}],"inLanguage":"es"},{"@type":"Person","@id":"https:\/\/ccmagazine.es\/es\/#\/schema\/person\/52a8bfc6898cc8937794edb7e040be91","name":"Cecilia Camacho","image":{"@type":"ImageObject","inLanguage":"es","@id":"https:\/\/ccmagazine.es\/es\/#\/schema\/person\/image\/","url":"https:\/\/secure.gravatar.com\/avatar\/e580c7637b737a8ac4e4b6c32ea669fc423e6a5b616923ba41a93138e673c93d?s=96&d=mm&r=g","contentUrl":"https:\/\/secure.gravatar.com\/avatar\/e580c7637b737a8ac4e4b6c32ea669fc423e6a5b616923ba41a93138e673c93d?s=96&d=mm&r=g","caption":"Cecilia Camacho"},"sameAs":["http:\/\/ccmagazine.es"]}]}},"_links":{"self":[{"href":"https:\/\/ccmagazine.es\/es\/wp-json\/wp\/v2\/posts\/70251","targetHints":{"allow":["GET"]}}],"collection":[{"href":"https:\/\/ccmagazine.es\/es\/wp-json\/wp\/v2\/posts"}],"about":[{"href":"https:\/\/ccmagazine.es\/es\/wp-json\/wp\/v2\/types\/post"}],"author":[{"embeddable":true,"href":"https:\/\/ccmagazine.es\/es\/wp-json\/wp\/v2\/users\/4"}],"replies":[{"embeddable":true,"href":"https:\/\/ccmagazine.es\/es\/wp-json\/wp\/v2\/comments?post=70251"}],"version-history":[{"count":21,"href":"https:\/\/ccmagazine.es\/es\/wp-json\/wp\/v2\/posts\/70251\/revisions"}],"predecessor-version":[{"id":81775,"href":"https:\/\/ccmagazine.es\/es\/wp-json\/wp\/v2\/posts\/70251\/revisions\/81775"}],"wp:featuredmedia":[{"embeddable":true,"href":"https:\/\/ccmagazine.es\/es\/wp-json\/wp\/v2\/media\/70261"}],"wp:attachment":[{"href":"https:\/\/ccmagazine.es\/es\/wp-json\/wp\/v2\/media?parent=70251"}],"wp:term":[{"taxonomy":"category","embeddable":true,"href":"https:\/\/ccmagazine.es\/es\/wp-json\/wp\/v2\/categories?post=70251"},{"taxonomy":"post_tag","embeddable":true,"href":"https:\/\/ccmagazine.es\/es\/wp-json\/wp\/v2\/tags?post=70251"}],"curies":[{"name":"wp","href":"https:\/\/api.w.org\/{rel}","templated":true}]}}