{"id":47352,"date":"2021-08-06T07:13:53","date_gmt":"2021-08-06T07:13:53","guid":{"rendered":"https:\/\/ccmagazine.es\/?p=47352"},"modified":"2024-12-21T15:58:43","modified_gmt":"2024-12-21T15:58:43","slug":"la-casa-estudio-del-fiveohfive-en-el-barrio-del-toscal","status":"publish","type":"post","link":"https:\/\/ccmagazine.es\/es\/la-casa-estudio-del-fiveohfive-en-el-barrio-del-toscal\/","title":{"rendered":"La casa-estudio de FiveOhFive en el barrio del Toscal"},"content":{"rendered":"<p><em>Mar\u00eda Le\u00f3n Ferreiro <\/em>y<em> Eduardo L\u00f3pez Sol\u00f3rzano<\/em> han sido los art\u00edfices de esta casa-estudio, y juntos han conceptualizado y dise\u00f1o este <em>dream place<\/em>, donde los detalles importan y donde la luz c\u00e1lida y la mezcla entre lo antiguo y lo contempor\u00e1neo convergen a la perfecci\u00f3n.<\/p>\n<p><img loading=\"lazy\" decoding=\"async\" class=\"alignnone wp-image-47386 size-full\" src=\"https:\/\/ccmagazine.es\/wp-content\/uploads\/2021\/08\/IMG_0472.jpg\" alt=\"\" width=\"1500\" height=\"2250\" srcset=\"https:\/\/ccmagazine.es\/wp-content\/uploads\/2021\/08\/IMG_0472.jpg 1500w, https:\/\/ccmagazine.es\/wp-content\/uploads\/2021\/08\/IMG_0472-200x300.jpg 200w, https:\/\/ccmagazine.es\/wp-content\/uploads\/2021\/08\/IMG_0472-768x1152.jpg 768w, https:\/\/ccmagazine.es\/wp-content\/uploads\/2021\/08\/IMG_0472-283x425.jpg 283w\" sizes=\"auto, (max-width: 1500px) 100vw, 1500px\" \/><\/p>\n<p>Uno de sus principales prop\u00f3sitos fue el de respetar en lo posible la arquitectura original, recuperando elementos originales y actualiz\u00e1ndola con intervenciones sutiles, que han logrado trasladarla a nuestro tiempo.<\/p>\n<p>La vivienda consta de dos pisos y ha sido ingeniosamente renovada manteniendo aspectos esenciales como los suelos\u00a0hidr\u00e1ulicos originales. Cada uno tiene una personalidad \u00fanica, unos tonos y una variedad de patrones geom\u00e9tricos y florales propios del patrimonio arquitect\u00f3nico del edificio, que aporta calidez a cada habitaci\u00f3n.<\/p>\n<p>A esto le sumamos una muy buena\u00a0distribuci\u00f3n de los espacios &#8211; procedente de los planos originales\u00a0del arquitecto <em>Pintor Ocete<\/em>,\u00a0autor en la \u00e9poca de edificios emblem\u00e1ticos -, una buena ventilaci\u00f3n de los mismos y una gran fuente de luz\u00a0durante todo el d\u00eda.<\/p>\n<p><img loading=\"lazy\" decoding=\"async\" class=\"alignnone wp-image-47390 size-full\" src=\"https:\/\/ccmagazine.es\/wp-content\/uploads\/2021\/08\/IMG_0454.jpg\" alt=\"\" width=\"1500\" height=\"2250\" srcset=\"https:\/\/ccmagazine.es\/wp-content\/uploads\/2021\/08\/IMG_0454.jpg 1500w, https:\/\/ccmagazine.es\/wp-content\/uploads\/2021\/08\/IMG_0454-200x300.jpg 200w, https:\/\/ccmagazine.es\/wp-content\/uploads\/2021\/08\/IMG_0454-768x1152.jpg 768w, https:\/\/ccmagazine.es\/wp-content\/uploads\/2021\/08\/IMG_0454-283x425.jpg 283w\" sizes=\"auto, (max-width: 1500px) 100vw, 1500px\" \/><\/p>\n<p>El elemento m\u00e1s llamativo del patrimonio arquitect\u00f3nico de la propiedad son las baldosas &#8216;enc\u00e1usticas&#8217; de cer\u00e1mica y cemento, un tipo de baldosa con incrustaciones donde se utilizan diferentes colores de arcilla para crear patrones y figuras.<\/p>\n<p>El \u00fanico cambio que han llevado a cabo en cuanto a distribuci\u00f3n ha sido la demolici\u00f3n de un muro interno con el fin de crear un amplio comedor y sala de estar en el primer piso, donde se ubican sus habitaciones privadas, con su estudio de arquitectura en la planta baja.<\/p>\n<p><img loading=\"lazy\" decoding=\"async\" class=\"alignnone wp-image-47378 size-full\" src=\"https:\/\/ccmagazine.es\/wp-content\/uploads\/2021\/08\/IMG_1439.jpg\" alt=\"\" width=\"1500\" height=\"2250\" srcset=\"https:\/\/ccmagazine.es\/wp-content\/uploads\/2021\/08\/IMG_1439.jpg 1500w, https:\/\/ccmagazine.es\/wp-content\/uploads\/2021\/08\/IMG_1439-200x300.jpg 200w, https:\/\/ccmagazine.es\/wp-content\/uploads\/2021\/08\/IMG_1439-768x1152.jpg 768w, https:\/\/ccmagazine.es\/wp-content\/uploads\/2021\/08\/IMG_1439-283x425.jpg 283w\" sizes=\"auto, (max-width: 1500px) 100vw, 1500px\" \/><\/p>\n<p>De esta manera, lo han convertido en un espacio fluido de sal\u00f3n comedor, abierto al recibidor y conectado por un hueco sin puerta con la sala de juegos.<\/p>\n<p>En cuanto a su interiorismo, y como podr\u00e9is comprobar, cada pieza cuenta y cada una ha sido seleccionada para generar ambientes y sensaciones diferentes.<\/p>\n<p>De toda esta\u00a0selecci\u00f3n ecl\u00e9ctica de muebles contempor\u00e1neos y antiguos, destacamos la mesa de\u00a0madera con acabado de textura extrema y de contorno\u00a0sinuoso;\u00a0las sillas de hierro y rat\u00e1n que dialogan perfectamente con las\u00a0antiguas sillas modelo <em>Cesca<\/em> de <em>Marcel Breuer<\/em> del comedor; las\u00a0cabezas de\u00a0reyes de cer\u00e1mica siciliana; el pie de l\u00e1mpara de\u00a0porcelana pintada de <em>Fr\u00e9d\u00e9ric de Luca<\/em>.; o la mesa de centro curvil\u00ednea de m\u00e1rmol negro.<\/p>\n<p><img loading=\"lazy\" decoding=\"async\" class=\"alignnone wp-image-47380 size-full\" src=\"https:\/\/ccmagazine.es\/wp-content\/uploads\/2021\/08\/IMG_0218.jpg\" alt=\"\" width=\"1500\" height=\"2250\" srcset=\"https:\/\/ccmagazine.es\/wp-content\/uploads\/2021\/08\/IMG_0218.jpg 1500w, https:\/\/ccmagazine.es\/wp-content\/uploads\/2021\/08\/IMG_0218-200x300.jpg 200w, https:\/\/ccmagazine.es\/wp-content\/uploads\/2021\/08\/IMG_0218-768x1152.jpg 768w, https:\/\/ccmagazine.es\/wp-content\/uploads\/2021\/08\/IMG_0218-283x425.jpg 283w\" sizes=\"auto, (max-width: 1500px) 100vw, 1500px\" \/><\/p>\n<p>Otro elemento que quisieron\u00a0<em>Mar\u00eda<\/em> y <em>Eduardo<\/em> fue la pintura original. Tras quitar m\u00faltiples capas de papel tapiz y pintura&#8230; lograron darle visibilidad y ensalzar su bello aspecto desgastado, pero repleto de\u00a0tonalidades vivas y muy arm\u00f3nicas\u00a0entre s\u00ed. De hecho, este hallazgo se convirti\u00f3 en el hilo conductor\u00a0de la reforma.<\/p>\n<p><img loading=\"lazy\" decoding=\"async\" class=\"alignnone wp-image-47384 size-full\" src=\"https:\/\/ccmagazine.es\/wp-content\/uploads\/2021\/08\/IMG_0241.jpg\" alt=\"\" width=\"1500\" height=\"2250\" srcset=\"https:\/\/ccmagazine.es\/wp-content\/uploads\/2021\/08\/IMG_0241.jpg 1500w, https:\/\/ccmagazine.es\/wp-content\/uploads\/2021\/08\/IMG_0241-200x300.jpg 200w, https:\/\/ccmagazine.es\/wp-content\/uploads\/2021\/08\/IMG_0241-768x1152.jpg 768w, https:\/\/ccmagazine.es\/wp-content\/uploads\/2021\/08\/IMG_0241-283x425.jpg 283w\" sizes=\"auto, (max-width: 1500px) 100vw, 1500px\" \/><\/p>\n<p>Las puertas de madera en tonos naturales y los marcos de las ventanas de aluminio pintados en pistacho son elementos nuevos, pero que combinan armoniosamente tanto con la paleta de colores de las baldosas del suelo como con la pintura de las paredes.<\/p>\n<p><img loading=\"lazy\" decoding=\"async\" class=\"alignnone wp-image-47394 size-full\" src=\"https:\/\/ccmagazine.es\/wp-content\/uploads\/2021\/08\/IMG_0087.jpg\" alt=\"\" width=\"1500\" height=\"2250\" srcset=\"https:\/\/ccmagazine.es\/wp-content\/uploads\/2021\/08\/IMG_0087.jpg 1500w, https:\/\/ccmagazine.es\/wp-content\/uploads\/2021\/08\/IMG_0087-200x300.jpg 200w, https:\/\/ccmagazine.es\/wp-content\/uploads\/2021\/08\/IMG_0087-768x1152.jpg 768w, https:\/\/ccmagazine.es\/wp-content\/uploads\/2021\/08\/IMG_0087-283x425.jpg 283w\" sizes=\"auto, (max-width: 1500px) 100vw, 1500px\" \/><\/p>\n<p>Esta casa-estudio dispone de dos dormitorios. En el de \u00abmatrimonio\u00bb se respet\u00f3 una pintada de los noventa.<\/p>\n<p>En lo que respecta al cuarto del ni\u00f1o, \u00e9ste ha sido decorado con detalles infantiles coloristas como la pi\u00f1ata hecha a mano para su\u00a0\u00a0primer cumplea\u00f1os, las ilustraciones de <em>Marta\u00a0Le\u00f3n<\/em> o el\u00a0m\u00f3vil de techo\u00a0de <em>Ferm Living<\/em> de motivos marinos.<\/p>\n<p>La planta baja la han dedicado al estudio, con acceso independiente desde el\u00a0zagu\u00e1n.<\/p>\n<p><img loading=\"lazy\" decoding=\"async\" class=\"alignnone wp-image-47396 size-full\" src=\"https:\/\/ccmagazine.es\/wp-content\/uploads\/2021\/08\/IMG_1533.jpg\" alt=\"\" width=\"1500\" height=\"2250\" srcset=\"https:\/\/ccmagazine.es\/wp-content\/uploads\/2021\/08\/IMG_1533.jpg 1500w, https:\/\/ccmagazine.es\/wp-content\/uploads\/2021\/08\/IMG_1533-200x300.jpg 200w, https:\/\/ccmagazine.es\/wp-content\/uploads\/2021\/08\/IMG_1533-768x1152.jpg 768w, https:\/\/ccmagazine.es\/wp-content\/uploads\/2021\/08\/IMG_1533-283x425.jpg 283w\" sizes=\"auto, (max-width: 1500px) 100vw, 1500px\" \/><\/p>\n<p>La cocina es un derroche de texturas: desde el suelo\u00a0hidr\u00e1ulico original al inox de los muebles rematado\u00a0con la encimera de m\u00e1rmol verde india. El ba\u00f1o es la \u00fanica estancia de la vivienda donde no\u00a0se pudo preservar el suelo original, a pesar de que han logrado una est\u00e9tica que sintoniza perfectamente con el resto de la casa. Y el\u00a0patio es un oasis de luz para esta vivienda luminosa\u00a0dentro de un barrio abigarrado.<\/p>\n<p><img loading=\"lazy\" decoding=\"async\" class=\"alignnone wp-image-47398 size-full\" src=\"https:\/\/ccmagazine.es\/wp-content\/uploads\/2021\/08\/IMG_0652.jpg\" alt=\"\" width=\"1500\" height=\"2250\" srcset=\"https:\/\/ccmagazine.es\/wp-content\/uploads\/2021\/08\/IMG_0652.jpg 1500w, https:\/\/ccmagazine.es\/wp-content\/uploads\/2021\/08\/IMG_0652-200x300.jpg 200w, https:\/\/ccmagazine.es\/wp-content\/uploads\/2021\/08\/IMG_0652-768x1152.jpg 768w, https:\/\/ccmagazine.es\/wp-content\/uploads\/2021\/08\/IMG_0652-283x425.jpg 283w\" sizes=\"auto, (max-width: 1500px) 100vw, 1500px\" \/><\/p>\n<p>Como hab\u00e9is podido comprobar por las fotograf\u00edas, esta residencia es una fuente de inspiraci\u00f3n. Un lugar donde trabajar y vivir la vida.<\/p>\n<p>\u00a1Enhorabuena <em>FiveOhFive<\/em>! <a href=\"mailto:team@fiveohfivedesign.com\" target=\"_blank\" rel=\"noopener noreferrer\">team@fiveohfivedesign.com<\/a><\/p>\n<p><img loading=\"lazy\" decoding=\"async\" class=\"alignnone wp-image-47400 size-full\" src=\"https:\/\/ccmagazine.es\/wp-content\/uploads\/2021\/08\/IMG_0627.jpg\" alt=\"\" width=\"1500\" height=\"2250\" srcset=\"https:\/\/ccmagazine.es\/wp-content\/uploads\/2021\/08\/IMG_0627.jpg 1500w, https:\/\/ccmagazine.es\/wp-content\/uploads\/2021\/08\/IMG_0627-200x300.jpg 200w, https:\/\/ccmagazine.es\/wp-content\/uploads\/2021\/08\/IMG_0627-768x1152.jpg 768w, https:\/\/ccmagazine.es\/wp-content\/uploads\/2021\/08\/IMG_0627-283x425.jpg 283w\" sizes=\"auto, (max-width: 1500px) 100vw, 1500px\" \/><\/p>\n<p><strong>(*)<\/strong> Fotos by Silvia Gil-Rold\u00e1n @silviagilroldan. Piezas de decoraci\u00f3n by Terrazzo Estudio @terrazzoestudio. Arquitectura e interiorismo by FiveOhFive @five_oh_five_design.<\/p>\n","protected":false},"excerpt":{"rendered":"<p>Mar\u00eda Le\u00f3n Ferreiro y Eduardo L\u00f3pez Sol\u00f3rzano han sido los art\u00edfices de esta casa-estudio, y juntos han conceptualizado y dise\u00f1o este dream place, donde los detalles importan y donde la luz c\u00e1lida y la mezcla entre lo antiguo y lo contempor\u00e1neo convergen a la perfecci\u00f3n. Uno de sus principales prop\u00f3sitos fue el de respetar en [&hellip;]<\/p>\n","protected":false},"author":4,"featured_media":47468,"comment_status":"open","ping_status":"open","sticky":false,"template":"","format":"standard","meta":{"_acf_changed":false,"footnotes":""},"categories":[5886,18],"tags":[],"class_list":["post-47352","post","type-post","status-publish","format-standard","has-post-thumbnail","hentry","category-inspiration","category-inspiracion"],"acf":[],"yoast_head":"<!-- This site is optimized with the Yoast SEO plugin v25.5 - https:\/\/yoast.com\/wordpress\/plugins\/seo\/ -->\n<title>La casa-estudio de FiveOhFive en Santa Cruz de Tenerife<\/title>\n<meta name=\"description\" content=\"Ubicada en el pintoresco barrio de El Toscal (Santa Cruz de Tenerife), la rehabilitaci\u00f3n de este inmueble de los a\u00f1os 30 por parte de FiveOhFive es una aut\u00e9ntica maravilla.\" \/>\n<meta name=\"robots\" content=\"index, follow, max-snippet:-1, max-image-preview:large, max-video-preview:-1\" \/>\n<link rel=\"canonical\" href=\"https:\/\/ccmagazine.es\/es\/la-casa-estudio-del-fiveohfive-en-el-barrio-del-toscal\/\" \/>\n<meta name=\"twitter:card\" content=\"summary_large_image\" \/>\n<meta name=\"twitter:title\" content=\"La casa-estudio de FiveOhFive en Santa Cruz de Tenerife\" \/>\n<meta name=\"twitter:description\" content=\"Ubicada en el pintoresco barrio de El Toscal (Santa Cruz de Tenerife), la rehabilitaci\u00f3n de este inmueble de los a\u00f1os 30 por parte de FiveOhFive es una aut\u00e9ntica maravilla.\" \/>\n<meta name=\"twitter:image\" content=\"https:\/\/ccmagazine.es\/wp-content\/uploads\/2021\/08\/IMG_1476-1.jpg\" \/>\n<meta name=\"twitter:creator\" content=\"@cecilecollage\" \/>\n<meta name=\"twitter:site\" content=\"@cecilecollage\" \/>\n<meta name=\"twitter:label1\" content=\"Escrito por\" \/>\n\t<meta name=\"twitter:data1\" content=\"Cecilia Camacho\" \/>\n\t<meta name=\"twitter:label2\" content=\"Tiempo de lectura\" \/>\n\t<meta name=\"twitter:data2\" content=\"6 minutos\" \/>\n<script type=\"application\/ld+json\" class=\"yoast-schema-graph\">{\"@context\":\"https:\/\/schema.org\",\"@graph\":[{\"@type\":\"WebPage\",\"@id\":\"https:\/\/ccmagazine.es\/es\/la-casa-estudio-del-fiveohfive-en-el-barrio-del-toscal\/\",\"url\":\"https:\/\/ccmagazine.es\/es\/la-casa-estudio-del-fiveohfive-en-el-barrio-del-toscal\/\",\"name\":\"La casa-estudio de FiveOhFive en Santa Cruz de Tenerife\",\"isPartOf\":{\"@id\":\"https:\/\/ccmagazine.es\/es\/#website\"},\"primaryImageOfPage\":{\"@id\":\"https:\/\/ccmagazine.es\/es\/la-casa-estudio-del-fiveohfive-en-el-barrio-del-toscal\/#primaryimage\"},\"image\":{\"@id\":\"https:\/\/ccmagazine.es\/es\/la-casa-estudio-del-fiveohfive-en-el-barrio-del-toscal\/#primaryimage\"},\"thumbnailUrl\":\"https:\/\/ccmagazine.es\/wp-content\/uploads\/2021\/08\/IMG_1476-1.jpg\",\"datePublished\":\"2021-08-06T07:13:53+00:00\",\"dateModified\":\"2024-12-21T15:58:43+00:00\",\"author\":{\"@id\":\"https:\/\/ccmagazine.es\/es\/#\/schema\/person\/52a8bfc6898cc8937794edb7e040be91\"},\"description\":\"Ubicada en el pintoresco barrio de El Toscal (Santa Cruz de Tenerife), la rehabilitaci\u00f3n de este inmueble de los a\u00f1os 30 por parte de FiveOhFive es una aut\u00e9ntica maravilla.\",\"breadcrumb\":{\"@id\":\"https:\/\/ccmagazine.es\/es\/la-casa-estudio-del-fiveohfive-en-el-barrio-del-toscal\/#breadcrumb\"},\"inLanguage\":\"es\",\"potentialAction\":[{\"@type\":\"ReadAction\",\"target\":[\"https:\/\/ccmagazine.es\/es\/la-casa-estudio-del-fiveohfive-en-el-barrio-del-toscal\/\"]}]},{\"@type\":\"ImageObject\",\"inLanguage\":\"es\",\"@id\":\"https:\/\/ccmagazine.es\/es\/la-casa-estudio-del-fiveohfive-en-el-barrio-del-toscal\/#primaryimage\",\"url\":\"https:\/\/ccmagazine.es\/wp-content\/uploads\/2021\/08\/IMG_1476-1.jpg\",\"contentUrl\":\"https:\/\/ccmagazine.es\/wp-content\/uploads\/2021\/08\/IMG_1476-1.jpg\",\"width\":3000,\"height\":2000},{\"@type\":\"BreadcrumbList\",\"@id\":\"https:\/\/ccmagazine.es\/es\/la-casa-estudio-del-fiveohfive-en-el-barrio-del-toscal\/#breadcrumb\",\"itemListElement\":[{\"@type\":\"ListItem\",\"position\":1,\"name\":\"Portada\",\"item\":\"https:\/\/ccmagazine.es\/es\/\"},{\"@type\":\"ListItem\",\"position\":2,\"name\":\"La casa-estudio de FiveOhFive en el barrio del Toscal\"}]},{\"@type\":\"WebSite\",\"@id\":\"https:\/\/ccmagazine.es\/es\/#website\",\"url\":\"https:\/\/ccmagazine.es\/es\/\",\"name\":\"CC\/magazine\",\"description\":\"Independent online magazine of lifestyle, design, cities and innovation\",\"potentialAction\":[{\"@type\":\"SearchAction\",\"target\":{\"@type\":\"EntryPoint\",\"urlTemplate\":\"https:\/\/ccmagazine.es\/es\/?s={search_term_string}\"},\"query-input\":{\"@type\":\"PropertyValueSpecification\",\"valueRequired\":true,\"valueName\":\"search_term_string\"}}],\"inLanguage\":\"es\"},{\"@type\":\"Person\",\"@id\":\"https:\/\/ccmagazine.es\/es\/#\/schema\/person\/52a8bfc6898cc8937794edb7e040be91\",\"name\":\"Cecilia Camacho\",\"image\":{\"@type\":\"ImageObject\",\"inLanguage\":\"es\",\"@id\":\"https:\/\/ccmagazine.es\/es\/#\/schema\/person\/image\/\",\"url\":\"https:\/\/secure.gravatar.com\/avatar\/e580c7637b737a8ac4e4b6c32ea669fc423e6a5b616923ba41a93138e673c93d?s=96&d=mm&r=g\",\"contentUrl\":\"https:\/\/secure.gravatar.com\/avatar\/e580c7637b737a8ac4e4b6c32ea669fc423e6a5b616923ba41a93138e673c93d?s=96&d=mm&r=g\",\"caption\":\"Cecilia Camacho\"},\"sameAs\":[\"http:\/\/ccmagazine.es\"]}]}<\/script>\n<!-- \/ Yoast SEO plugin. -->","yoast_head_json":{"title":"La casa-estudio de FiveOhFive en Santa Cruz de Tenerife","description":"Ubicada en el pintoresco barrio de El Toscal (Santa Cruz de Tenerife), la rehabilitaci\u00f3n de este inmueble de los a\u00f1os 30 por parte de FiveOhFive es una aut\u00e9ntica maravilla.","robots":{"index":"index","follow":"follow","max-snippet":"max-snippet:-1","max-image-preview":"max-image-preview:large","max-video-preview":"max-video-preview:-1"},"canonical":"https:\/\/ccmagazine.es\/es\/la-casa-estudio-del-fiveohfive-en-el-barrio-del-toscal\/","twitter_card":"summary_large_image","twitter_title":"La casa-estudio de FiveOhFive en Santa Cruz de Tenerife","twitter_description":"Ubicada en el pintoresco barrio de El Toscal (Santa Cruz de Tenerife), la rehabilitaci\u00f3n de este inmueble de los a\u00f1os 30 por parte de FiveOhFive es una aut\u00e9ntica maravilla.","twitter_image":"https:\/\/ccmagazine.es\/wp-content\/uploads\/2021\/08\/IMG_1476-1.jpg","twitter_creator":"@cecilecollage","twitter_site":"@cecilecollage","twitter_misc":{"Escrito por":"Cecilia Camacho","Tiempo de lectura":"6 minutos"},"schema":{"@context":"https:\/\/schema.org","@graph":[{"@type":"WebPage","@id":"https:\/\/ccmagazine.es\/es\/la-casa-estudio-del-fiveohfive-en-el-barrio-del-toscal\/","url":"https:\/\/ccmagazine.es\/es\/la-casa-estudio-del-fiveohfive-en-el-barrio-del-toscal\/","name":"La casa-estudio de FiveOhFive en Santa Cruz de Tenerife","isPartOf":{"@id":"https:\/\/ccmagazine.es\/es\/#website"},"primaryImageOfPage":{"@id":"https:\/\/ccmagazine.es\/es\/la-casa-estudio-del-fiveohfive-en-el-barrio-del-toscal\/#primaryimage"},"image":{"@id":"https:\/\/ccmagazine.es\/es\/la-casa-estudio-del-fiveohfive-en-el-barrio-del-toscal\/#primaryimage"},"thumbnailUrl":"https:\/\/ccmagazine.es\/wp-content\/uploads\/2021\/08\/IMG_1476-1.jpg","datePublished":"2021-08-06T07:13:53+00:00","dateModified":"2024-12-21T15:58:43+00:00","author":{"@id":"https:\/\/ccmagazine.es\/es\/#\/schema\/person\/52a8bfc6898cc8937794edb7e040be91"},"description":"Ubicada en el pintoresco barrio de El Toscal (Santa Cruz de Tenerife), la rehabilitaci\u00f3n de este inmueble de los a\u00f1os 30 por parte de FiveOhFive es una aut\u00e9ntica maravilla.","breadcrumb":{"@id":"https:\/\/ccmagazine.es\/es\/la-casa-estudio-del-fiveohfive-en-el-barrio-del-toscal\/#breadcrumb"},"inLanguage":"es","potentialAction":[{"@type":"ReadAction","target":["https:\/\/ccmagazine.es\/es\/la-casa-estudio-del-fiveohfive-en-el-barrio-del-toscal\/"]}]},{"@type":"ImageObject","inLanguage":"es","@id":"https:\/\/ccmagazine.es\/es\/la-casa-estudio-del-fiveohfive-en-el-barrio-del-toscal\/#primaryimage","url":"https:\/\/ccmagazine.es\/wp-content\/uploads\/2021\/08\/IMG_1476-1.jpg","contentUrl":"https:\/\/ccmagazine.es\/wp-content\/uploads\/2021\/08\/IMG_1476-1.jpg","width":3000,"height":2000},{"@type":"BreadcrumbList","@id":"https:\/\/ccmagazine.es\/es\/la-casa-estudio-del-fiveohfive-en-el-barrio-del-toscal\/#breadcrumb","itemListElement":[{"@type":"ListItem","position":1,"name":"Portada","item":"https:\/\/ccmagazine.es\/es\/"},{"@type":"ListItem","position":2,"name":"La casa-estudio de FiveOhFive en el barrio del Toscal"}]},{"@type":"WebSite","@id":"https:\/\/ccmagazine.es\/es\/#website","url":"https:\/\/ccmagazine.es\/es\/","name":"CC\/magazine","description":"Independent online magazine of lifestyle, design, cities and innovation","potentialAction":[{"@type":"SearchAction","target":{"@type":"EntryPoint","urlTemplate":"https:\/\/ccmagazine.es\/es\/?s={search_term_string}"},"query-input":{"@type":"PropertyValueSpecification","valueRequired":true,"valueName":"search_term_string"}}],"inLanguage":"es"},{"@type":"Person","@id":"https:\/\/ccmagazine.es\/es\/#\/schema\/person\/52a8bfc6898cc8937794edb7e040be91","name":"Cecilia Camacho","image":{"@type":"ImageObject","inLanguage":"es","@id":"https:\/\/ccmagazine.es\/es\/#\/schema\/person\/image\/","url":"https:\/\/secure.gravatar.com\/avatar\/e580c7637b737a8ac4e4b6c32ea669fc423e6a5b616923ba41a93138e673c93d?s=96&d=mm&r=g","contentUrl":"https:\/\/secure.gravatar.com\/avatar\/e580c7637b737a8ac4e4b6c32ea669fc423e6a5b616923ba41a93138e673c93d?s=96&d=mm&r=g","caption":"Cecilia Camacho"},"sameAs":["http:\/\/ccmagazine.es"]}]}},"_links":{"self":[{"href":"https:\/\/ccmagazine.es\/es\/wp-json\/wp\/v2\/posts\/47352","targetHints":{"allow":["GET"]}}],"collection":[{"href":"https:\/\/ccmagazine.es\/es\/wp-json\/wp\/v2\/posts"}],"about":[{"href":"https:\/\/ccmagazine.es\/es\/wp-json\/wp\/v2\/types\/post"}],"author":[{"embeddable":true,"href":"https:\/\/ccmagazine.es\/es\/wp-json\/wp\/v2\/users\/4"}],"replies":[{"embeddable":true,"href":"https:\/\/ccmagazine.es\/es\/wp-json\/wp\/v2\/comments?post=47352"}],"version-history":[{"count":20,"href":"https:\/\/ccmagazine.es\/es\/wp-json\/wp\/v2\/posts\/47352\/revisions"}],"predecessor-version":[{"id":80582,"href":"https:\/\/ccmagazine.es\/es\/wp-json\/wp\/v2\/posts\/47352\/revisions\/80582"}],"wp:featuredmedia":[{"embeddable":true,"href":"https:\/\/ccmagazine.es\/es\/wp-json\/wp\/v2\/media\/47468"}],"wp:attachment":[{"href":"https:\/\/ccmagazine.es\/es\/wp-json\/wp\/v2\/media?parent=47352"}],"wp:term":[{"taxonomy":"category","embeddable":true,"href":"https:\/\/ccmagazine.es\/es\/wp-json\/wp\/v2\/categories?post=47352"},{"taxonomy":"post_tag","embeddable":true,"href":"https:\/\/ccmagazine.es\/es\/wp-json\/wp\/v2\/tags?post=47352"}],"curies":[{"name":"wp","href":"https:\/\/api.w.org\/{rel}","templated":true}]}}